{"id":8800,"date":"2017-12-06T10:27:04","date_gmt":"2017-12-06T08:27:04","guid":{"rendered":"https:\/\/www.jelu-werk.com\/?p=8800"},"modified":"2018-05-11T11:14:26","modified_gmt":"2018-05-11T09:14:26","slug":"funktionelle-ballaststoffe-von-jelu-kamen-gut","status":"publish","type":"post","link":"https:\/\/www.jelu-werk.com\/de\/funktionelle-ballaststoffe-von-jelu-kamen-gut\/","title":{"rendered":"Funktionelle Ballaststoffe von JELU kamen gut an"},"content":{"rendered":"<p>\u201eDas Interesse an JELU-Produkten auf der diesj\u00e4hrigen Food Ingredients Europe war gro\u00df\u201c, so fassten Jens Schienke und Markus Hesse von JELU-WERK die Messetage zusammen. Das JELU-Werk pr\u00e4sentierte dem Messepublikum seine nat\u00fcrlichen Pflanzenfasern: Weizenfasern, Haferfasern und Bambusfasern. Vor allem aber interessierten sich die Besucher f\u00fcr Cellulose als Lebensmittel-Ballaststoff. Mit der funktionellen Cellulose von JELU l\u00e4sst sich der Ballaststoffgehalt von Lebensmitteln anreichern, ohne dem Lebensmittel Energie zuzuf\u00fchren. <\/p>\n<p>Die Food Ingredients Europe (FIE) lockte vom 28. bis 30. November mehr als 25.000 Besucher nach Frankfurt. W\u00e4hrend der internationalen Messe f\u00fcr Lebensmittelinhalts- und Zusatzstoffe hatten die Messebesucher ausreichend M\u00f6glichkeiten, sich \u00fcber die neuesten Innovationen und Zukunftstrends zu informieren und neue Gesch\u00e4ftskontakte zu kn\u00fcpfen. Die n\u00e4chste FIE wird 2019 in Paris stattfinden. <\/p>\n<p><div id=\"attachment_8806\" class=\"wp-caption aligncenter \" style=\"width: 493px\"><img loading=\"lazy\" decoding=\"async\" src=\"https:\/\/www.jelu-werk.com\/wp-content\/uploads\/2017\/12\/FIE-2017-JELU-WERK.jpg\" alt=\"Das JELU-WERK auf der FI Europe in Frankfurt\" width=\"640\" height=\"443\" class=\"aligncenter size-full wp-image-8806\" srcset=\"https:\/\/www.jelu-werk.com\/wp-content\/uploads\/2017\/12\/FIE-2017-JELU-WERK.jpg 640w, https:\/\/www.jelu-werk.com\/wp-content\/uploads\/2017\/12\/FIE-2017-JELU-WERK-275x190.jpg 275w\" sizes=\"auto, (max-width: 640px) 100vw, 640px\" \/><p><span class=\"photo-credit\">Foto: \u00a9 JELU-WERK \/ www.jelu-werk.com<\/span><\/p><\/div><br \/>\n&nbsp;<br \/>\n<div id=\"attachment_8816\" class=\"wp-caption aligncenter \" style=\"width: 493px\"><img loading=\"lazy\" decoding=\"async\" src=\"https:\/\/www.jelu-werk.com\/wp-content\/uploads\/2017\/12\/FIE-2017-JELU-WERK2.jpg\" alt=\"Das JELU-WERK pr\u00e4sentiert seine Produkte auf der FI Europe\" width=\"493\" height=\"450\" class=\"aligncenter size-full wp-image-8816\" srcset=\"https:\/\/www.jelu-werk.com\/wp-content\/uploads\/2017\/12\/FIE-2017-JELU-WERK2.jpg 493w, https:\/\/www.jelu-werk.com\/wp-content\/uploads\/2017\/12\/FIE-2017-JELU-WERK2-275x251.jpg 275w\" sizes=\"auto, (max-width: 493px) 100vw, 493px\" \/><p><span class=\"photo-credit\">Foto: \u00a9 JELU-WERK \/ www.jelu-werk.com<\/span><br \/><\/p><\/div><br \/>\n&nbsp;<\/p>\n","protected":false},"excerpt":{"rendered":"<p>\u201eDas Interesse an JELU-Produkten auf der diesj\u00e4hrigen Food Ingredients Europe war gro\u00df\u201c, so fassten Jens Schienke und Markus Hesse von JELU-WERK die Messetage zusammen. Das JELU-Werk pr\u00e4sentierte dem Messepublikum seine nat\u00fcrlichen Pflanzenfasern: Weizenfasern, Haferfasern und Bambusfasern. Vor allem aber interessierten sich die Messebesucher f\u00fcr Cellulose als Lebensmittel-Ballaststoff.<\/p>\n","protected":false},"author":4,"featured_media":0,"comment_status":"closed","ping_status":"closed","sticky":false,"template":"","format":"standard","meta":{"_acf_changed":false,"footnotes":""},"categories":[33,3],"tags":[],"class_list":["post-8800","post","type-post","status-publish","format-standard","hentry","category-lebensmittel","category-unternehmen"],"acf":[],"_links":{"self":[{"href":"https:\/\/www.jelu-werk.com\/de\/wp-json\/wp\/v2\/posts\/8800","targetHints":{"allow":["GET"]}}],"collection":[{"href":"https:\/\/www.jelu-werk.com\/de\/wp-json\/wp\/v2\/posts"}],"about":[{"href":"https:\/\/www.jelu-werk.com\/de\/wp-json\/wp\/v2\/types\/post"}],"author":[{"embeddable":true,"href":"https:\/\/www.jelu-werk.com\/de\/wp-json\/wp\/v2\/users\/4"}],"replies":[{"embeddable":true,"href":"https:\/\/www.jelu-werk.com\/de\/wp-json\/wp\/v2\/comments?post=8800"}],"version-history":[{"count":9,"href":"https:\/\/www.jelu-werk.com\/de\/wp-json\/wp\/v2\/posts\/8800\/revisions"}],"predecessor-version":[{"id":8810,"href":"https:\/\/www.jelu-werk.com\/de\/wp-json\/wp\/v2\/posts\/8800\/revisions\/8810"}],"wp:attachment":[{"href":"https:\/\/www.jelu-werk.com\/de\/wp-json\/wp\/v2\/media?parent=8800"}],"wp:term":[{"taxonomy":"category","embeddable":true,"href":"https:\/\/www.jelu-werk.com\/de\/wp-json\/wp\/v2\/categories?post=8800"},{"taxonomy":"post_tag","embeddable":true,"href":"https:\/\/www.jelu-werk.com\/de\/wp-json\/wp\/v2\/tags?post=8800"}],"curies":[{"name":"wp","href":"https:\/\/api.w.org\/{rel}","templated":true}]}}