{"id":8478,"date":"2017-03-30T11:47:24","date_gmt":"2017-03-30T09:47:24","guid":{"rendered":"https:\/\/www.jelu-werk.com\/?p=8478\/"},"modified":"2018-05-11T11:57:26","modified_gmt":"2018-05-11T09:57:26","slug":"jelu-produkte-auf-fi-china-2017","status":"publish","type":"post","link":"https:\/\/www.jelu-werk.com\/de\/jelu-produkte-auf-fi-china-2017\/","title":{"rendered":"JELU-Produkte auf der FI China 2017 wecken Interesse"},"content":{"rendered":"<p>Die JELUCEL\u00ae Pflanzenfasern und Cellulosen von JELU-WERK sind auf der Food Ingredients China auf gro\u00dfes Interesse gesto\u00dfen. Gemeinsam mit unserem Vertriebspartner Jobachem waren wir vom 24. bis 26. M\u00e4rz 2017 auf der internationalen Fachmesse f\u00fcr Lebensmittelinhalts- und Zusatzstoffe in Shanghai vertreten. Zahlreiche Besucher haben sich an unserem Stand \u00fcber unsere Pflanzenfasern und Cellulosen informiert. Die JELUCEL\u00ae Produkte werden in der Lebensmittelindustrie als Additive zur Verbesserung der Produkteigenschaften und des Herstellungsprozesses eingesetzt. <\/p>\n<p><div id=\"attachment_8463\" class=\"wp-caption alignleft\" style=\"width: 448px\"><img loading=\"lazy\" decoding=\"async\" class=\"alignleft size-full wp-image-8463\" src=\"https:\/\/www.jelu-werk.com\/wp-content\/uploads\/2017\/03\/FI-China-2017.jpg\" alt=\"JELU auf der Food Ingredients China 2017: internationale Fachmesse f\u00fcr Lebensmittelinhaltsstoffe und Zusatzstoffe\" width=\"448\" height=\"322\" srcset=\"https:\/\/www.jelu-werk.com\/wp-content\/uploads\/2017\/03\/FI-China-2017.jpg 448w, https:\/\/www.jelu-werk.com\/wp-content\/uploads\/2017\/03\/FI-China-2017-275x198.jpg 275w\" sizes=\"auto, (max-width: 448px) 100vw, 448px\" \/><p><span class=\"photo-credit\">Foto: \u00a9 JELU-WERK \u2013 www.jelu-werk.com<\/span><\/p><\/div><br \/>\n&nbsp;<br \/>\n<div id=\"attachment_8465\" class=\"wp-caption alignleft\" style=\"width: 448px\"><img loading=\"lazy\" decoding=\"async\" class=\"alignleft size-full wp-image-8465\" src=\"https:\/\/www.jelu-werk.com\/wp-content\/uploads\/2017\/03\/FI-China-2017-2.jpg\" alt=\"JELU auf der Food Ingredients China 2017: internationale Fachmesse f\u00fcr Lebensmittelinhaltsstoffe und Zusatzstoffe\" width=\"448\" height=\"328\" srcset=\"https:\/\/www.jelu-werk.com\/wp-content\/uploads\/2017\/03\/FI-China-2017-2.jpg 448w, https:\/\/www.jelu-werk.com\/wp-content\/uploads\/2017\/03\/FI-China-2017-2-275x201.jpg 275w\" sizes=\"auto, (max-width: 448px) 100vw, 448px\" \/><p><span class=\"photo-credit\">Foto: \u00a9 JELU-WERK \u2013 www.jelu-werk.com<\/span><\/p><\/div><br \/>\n&nbsp;<br \/>\n<div id=\"attachment_8466\" class=\"wp-caption alignleft\" style=\"width: 448px\"><img loading=\"lazy\" decoding=\"async\" class=\"alignleft size-full wp-image-8466\" src=\"https:\/\/www.jelu-werk.com\/wp-content\/uploads\/2017\/03\/FI-China-2017-3.jpg\" alt=\"JELU auf der Food Ingredients China 2017: internationale Fachmesse f\u00fcr Lebensmittelinhaltsstoffe und Zusatzstoffe\" width=\"448\" height=\"336\" srcset=\"https:\/\/www.jelu-werk.com\/wp-content\/uploads\/2017\/03\/FI-China-2017-3.jpg 448w, https:\/\/www.jelu-werk.com\/wp-content\/uploads\/2017\/03\/FI-China-2017-3-275x206.jpg 275w\" sizes=\"auto, (max-width: 448px) 100vw, 448px\" \/><p><span class=\"photo-credit\">Foto: \u00a9 JELU-WERK \u2013 www.jelu-werk.com<\/span><\/p><\/div><br \/>\n&nbsp;<br \/>\n<div id=\"attachment_8467\" class=\"wp-caption alignleft\" style=\"width: 448px\"><img loading=\"lazy\" decoding=\"async\" class=\"alignleft size-full wp-image-8467\" src=\"https:\/\/www.jelu-werk.com\/wp-content\/uploads\/2017\/03\/FI-China-2017-4.jpg\" alt=\"JELU auf der Food Ingredients China 2017: internationale Fachmesse f\u00fcr Lebensmittelinhaltsstoffe und Zusatzstoffe\" width=\"441\" height=\"336\" srcset=\"https:\/\/www.jelu-werk.com\/wp-content\/uploads\/2017\/03\/FI-China-2017-4.jpg 441w, https:\/\/www.jelu-werk.com\/wp-content\/uploads\/2017\/03\/FI-China-2017-4-275x210.jpg 275w\" sizes=\"auto, (max-width: 441px) 100vw, 441px\" \/><p><span class=\"photo-credit\">Foto: \u00a9 JELU-WERK \u2013 www.jelu-werk.com<\/span><\/p><\/div><br \/>\n&nbsp;<\/p>\n","protected":false},"excerpt":{"rendered":"<p>Die JELUCEL\u00ae Pflanzenfasern und Cellulosen von JELU-WERK sind auf der Food Ingredients China auf gro\u00dfes Interesse gesto\u00dfen. Gemeinsam mit unserem Vertriebspartner Jobachem waren wir vom 24. bis 26. M\u00e4rz 2017 auf der internationalen Fachmesse f\u00fcr Lebensmittelinhalts- und Zusatzstoffe in Shanghai vertreten.<\/p>\n","protected":false},"author":4,"featured_media":0,"comment_status":"closed","ping_status":"closed","sticky":false,"template":"","format":"standard","meta":{"_acf_changed":false,"footnotes":""},"categories":[33,3],"tags":[],"class_list":["post-8478","post","type-post","status-publish","format-standard","hentry","category-lebensmittel","category-unternehmen"],"acf":[],"_links":{"self":[{"href":"https:\/\/www.jelu-werk.com\/de\/wp-json\/wp\/v2\/posts\/8478","targetHints":{"allow":["GET"]}}],"collection":[{"href":"https:\/\/www.jelu-werk.com\/de\/wp-json\/wp\/v2\/posts"}],"about":[{"href":"https:\/\/www.jelu-werk.com\/de\/wp-json\/wp\/v2\/types\/post"}],"author":[{"embeddable":true,"href":"https:\/\/www.jelu-werk.com\/de\/wp-json\/wp\/v2\/users\/4"}],"replies":[{"embeddable":true,"href":"https:\/\/www.jelu-werk.com\/de\/wp-json\/wp\/v2\/comments?post=8478"}],"version-history":[{"count":9,"href":"https:\/\/www.jelu-werk.com\/de\/wp-json\/wp\/v2\/posts\/8478\/revisions"}],"predecessor-version":[{"id":9046,"href":"https:\/\/www.jelu-werk.com\/de\/wp-json\/wp\/v2\/posts\/8478\/revisions\/9046"}],"wp:attachment":[{"href":"https:\/\/www.jelu-werk.com\/de\/wp-json\/wp\/v2\/media?parent=8478"}],"wp:term":[{"taxonomy":"category","embeddable":true,"href":"https:\/\/www.jelu-werk.com\/de\/wp-json\/wp\/v2\/categories?post=8478"},{"taxonomy":"post_tag","embeddable":true,"href":"https:\/\/www.jelu-werk.com\/de\/wp-json\/wp\/v2\/tags?post=8478"}],"curies":[{"name":"wp","href":"https:\/\/api.w.org\/{rel}","templated":true}]}}