{"id":5980,"date":"2015-03-18T12:17:00","date_gmt":"2015-03-18T10:17:00","guid":{"rendered":"https:\/\/www.jelu-werk.com\/?p=5980"},"modified":"2018-05-14T14:55:38","modified_gmt":"2018-05-14T12:55:38","slug":"jelu-im-kunststoff-magazin","status":"publish","type":"post","link":"https:\/\/www.jelu-werk.com\/de\/jelu-im-kunststoff-magazin\/","title":{"rendered":"JELU im Kunststoff-Magazin ONLINE"},"content":{"rendered":"<p>Das Kunststoff-Magazin ONLINE berichtet heute \u00fcber das neue Erkl\u00e4rvideo von JELU: Wie aus Holzfasern und lebensmittelechtem Kunststoff ein leistungsf\u00e4higer Biokunststoff entsteht.<\/p>\n<div id=\"attachment_5972\" class=\"wp-caption alignright\" style=\"width: 478px\"><a href=\"http:\/\/www.kunststoff-magazin.de\/gruene-werkstoffe\/gruene-werkstoffe---erklaervideo-zu-biokunststoffen.htm\" title=\"JELU im Kunststoff-Magazin ONLINE\" target=\"_blank\"><img loading=\"lazy\" decoding=\"async\" src=\"https:\/\/www.jelu-werk.com\/wp-content\/uploads\/2015\/03\/Kunststoff-Magazin-ueber-JELU.jpg\" alt=\"Das Kunststoff-Magazin berichtet \u00fcber JELU\" width=\"498\" height=\"383\" class=\"alignright size-full wp-image-5972\" srcset=\"https:\/\/www.jelu-werk.com\/wp-content\/uploads\/2015\/03\/Kunststoff-Magazin-ueber-JELU.jpg 498w, https:\/\/www.jelu-werk.com\/wp-content\/uploads\/2015\/03\/Kunststoff-Magazin-ueber-JELU-275x211.jpg 275w\" sizes=\"auto, (max-width: 498px) 100vw, 498px\" \/><\/a><p><span class=\"photo-credit\">Foto: \u00a9 JELU-WERK \u2013 www.jelu-werk.com<\/span><\/p><\/div>\n","protected":false},"excerpt":{"rendered":"<p>Das Kunststoff-Magazin ONLINE berichtet heute \u00fcber das neue Erkl\u00e4rvideo von JELU: Wie aus Holzfasern und lebensmittelechtem Kunststoff ein leistungsf\u00e4higer Biokunststoff entsteht.<\/p>\n","protected":false},"author":2,"featured_media":0,"comment_status":"closed","ping_status":"closed","sticky":false,"template":"","format":"standard","meta":{"_acf_changed":false,"footnotes":""},"categories":[30,3],"tags":[],"class_list":["post-5980","post","type-post","status-publish","format-standard","hentry","category-technische-industrie","category-unternehmen"],"acf":[],"_links":{"self":[{"href":"https:\/\/www.jelu-werk.com\/de\/wp-json\/wp\/v2\/posts\/5980","targetHints":{"allow":["GET"]}}],"collection":[{"href":"https:\/\/www.jelu-werk.com\/de\/wp-json\/wp\/v2\/posts"}],"about":[{"href":"https:\/\/www.jelu-werk.com\/de\/wp-json\/wp\/v2\/types\/post"}],"author":[{"embeddable":true,"href":"https:\/\/www.jelu-werk.com\/de\/wp-json\/wp\/v2\/users\/2"}],"replies":[{"embeddable":true,"href":"https:\/\/www.jelu-werk.com\/de\/wp-json\/wp\/v2\/comments?post=5980"}],"version-history":[{"count":3,"href":"https:\/\/www.jelu-werk.com\/de\/wp-json\/wp\/v2\/posts\/5980\/revisions"}],"predecessor-version":[{"id":9078,"href":"https:\/\/www.jelu-werk.com\/de\/wp-json\/wp\/v2\/posts\/5980\/revisions\/9078"}],"wp:attachment":[{"href":"https:\/\/www.jelu-werk.com\/de\/wp-json\/wp\/v2\/media?parent=5980"}],"wp:term":[{"taxonomy":"category","embeddable":true,"href":"https:\/\/www.jelu-werk.com\/de\/wp-json\/wp\/v2\/categories?post=5980"},{"taxonomy":"post_tag","embeddable":true,"href":"https:\/\/www.jelu-werk.com\/de\/wp-json\/wp\/v2\/tags?post=5980"}],"curies":[{"name":"wp","href":"https:\/\/api.w.org\/{rel}","templated":true}]}}