{"id":5536942,"date":"2026-01-23T09:09:31","date_gmt":"2026-01-23T07:09:31","guid":{"rendered":"https:\/\/www.jelu-werk.com\/?p=5536942"},"modified":"2026-01-23T09:09:34","modified_gmt":"2026-01-23T07:09:34","slug":"generationswechsel-im-jelu-werk","status":"publish","type":"post","link":"https:\/\/www.jelu-werk.com\/de\/generationswechsel-im-jelu-werk\/","title":{"rendered":"Generationswechsel im JELU-Werk"},"content":{"rendered":"\n<p>Das JELU-Werk bleibt ein Familienunternehmen \u2013 auch in der n\u00e4chsten Generation.<br>Nach Jahrzehnten erfolgreicher F\u00fchrung durch Josef Ehrler wurde die Unternehmensleitung nun planvoll und vorausschauend \u00fcbergeben.<\/p>\n\n\n\n<p>Mit Jonas Stirner, dem Enkel der bisherigen Gesch\u00e4ftsleitung, \u00fcbernimmt ein weiteres Familienmitglied die Verantwortung. Ein starkes Zeichen f\u00fcr Kontinuit\u00e4t, Vertrauen und Zukunft \u2013 nach innen f\u00fcr unsere Mitarbeitenden, nach au\u00dfen f\u00fcr Partner, Kunden und Lieferanten. Die \u00dcbergabe wurde \u00fcber viele Monate sorgf\u00e4ltig vorbereitet und zu Jahresbeginn offiziell vollzogen.<\/p>\n\n\n\n<p>Josef Ehrler bleibt dem Unternehmen weiterhin eng verbunden und steht mit seiner Erfahrung und seinem Wissen auch k\u00fcnftig zur Seite.<br>Im Rahmen des Generationenwechsels hat zudem Frau Brigitte Ehrler die kaufm\u00e4nnische Leitung abgegeben. Bereits zur Jahresmitte 2025 konnten wir mit Philipp Holz eine neue Leitung f\u00fcr diesen Bereich gewinnen.<\/p>\n\n\n\n<p>Mit dieser langfristig angelegten Nachfolgeplanung ist das JELU-Werk bestens aufgestellt f\u00fcr die Zukunft. Gemeinsam mit unseren Mitarbeitenden, Partnern und Kunden wollen wir weiterhin nachhaltig wachsen \u2013 und dabei die Werte der Familie Ehrler sowie die Tradition und Qualit\u00e4t unseres Unternehmens bewahren.<\/p>\n\n\n\n<p><\/p>\n","protected":false},"excerpt":{"rendered":"<p>Das JELU-Werk bleibt ein Familienunternehmen \u2013 auch in der n\u00e4chsten Generation.Nach Jahrzehnten erfolgreicher F\u00fchrung durch Josef Ehrler wurde die Unternehmensleitung nun planvoll und vorausschauend \u00fcbergeben. Mit Jonas Stirner, dem Enkel der bisherigen Gesch\u00e4ftsleitung, \u00fcbernimmt ein weiteres Familienmitglied die Verantwortung. Ein starkes Zeichen f\u00fcr Kontinuit\u00e4t, Vertrauen und Zukunft \u2013 nach innen f\u00fcr unsere Mitarbeitenden, nach au\u00dfen [&hellip;]<\/p>\n","protected":false},"author":98,"featured_media":0,"comment_status":"closed","ping_status":"closed","sticky":false,"template":"","format":"standard","meta":{"_acf_changed":false,"footnotes":""},"categories":[3],"tags":[],"class_list":["post-5536942","post","type-post","status-publish","format-standard","hentry","category-unternehmen"],"acf":[],"_links":{"self":[{"href":"https:\/\/www.jelu-werk.com\/de\/wp-json\/wp\/v2\/posts\/5536942","targetHints":{"allow":["GET"]}}],"collection":[{"href":"https:\/\/www.jelu-werk.com\/de\/wp-json\/wp\/v2\/posts"}],"about":[{"href":"https:\/\/www.jelu-werk.com\/de\/wp-json\/wp\/v2\/types\/post"}],"author":[{"embeddable":true,"href":"https:\/\/www.jelu-werk.com\/de\/wp-json\/wp\/v2\/users\/98"}],"replies":[{"embeddable":true,"href":"https:\/\/www.jelu-werk.com\/de\/wp-json\/wp\/v2\/comments?post=5536942"}],"version-history":[{"count":1,"href":"https:\/\/www.jelu-werk.com\/de\/wp-json\/wp\/v2\/posts\/5536942\/revisions"}],"predecessor-version":[{"id":5536943,"href":"https:\/\/www.jelu-werk.com\/de\/wp-json\/wp\/v2\/posts\/5536942\/revisions\/5536943"}],"wp:attachment":[{"href":"https:\/\/www.jelu-werk.com\/de\/wp-json\/wp\/v2\/media?parent=5536942"}],"wp:term":[{"taxonomy":"category","embeddable":true,"href":"https:\/\/www.jelu-werk.com\/de\/wp-json\/wp\/v2\/categories?post=5536942"},{"taxonomy":"post_tag","embeddable":true,"href":"https:\/\/www.jelu-werk.com\/de\/wp-json\/wp\/v2\/tags?post=5536942"}],"curies":[{"name":"wp","href":"https:\/\/api.w.org\/{rel}","templated":true}]}}