{"id":5170359,"date":"2024-04-02T10:15:40","date_gmt":"2024-04-02T08:15:40","guid":{"rendered":"https:\/\/www.jelu-werk.com\/?p=5170359"},"modified":"2024-04-02T10:15:41","modified_gmt":"2024-04-02T08:15:41","slug":"eurocoat-2024","status":"publish","type":"post","link":"https:\/\/www.jelu-werk.com\/de\/eurocoat-2024\/","title":{"rendered":"Eurocoat 2024"},"content":{"rendered":"\n<figure class=\"wp-block-image size-large is-resized\"><img loading=\"lazy\" decoding=\"async\" width=\"800\" height=\"542\" src=\"https:\/\/www.jelu-werk.com\/wp-content\/uploads\/2024\/04\/Eurocoat-2024-1-min-2-800x542.jpg\" alt=\"Eurocoat 2024\" class=\"wp-image-5170375\" style=\"object-fit:cover;width:600px;height:500px\" srcset=\"https:\/\/www.jelu-werk.com\/wp-content\/uploads\/2024\/04\/Eurocoat-2024-1-min-2-800x542.jpg 800w, https:\/\/www.jelu-werk.com\/wp-content\/uploads\/2024\/04\/Eurocoat-2024-1-min-2-275x186.jpg 275w, https:\/\/www.jelu-werk.com\/wp-content\/uploads\/2024\/04\/Eurocoat-2024-1-min-2-768x521.jpg 768w, https:\/\/www.jelu-werk.com\/wp-content\/uploads\/2024\/04\/Eurocoat-2024-1-min-2-600x407.jpg 600w, https:\/\/www.jelu-werk.com\/wp-content\/uploads\/2024\/04\/Eurocoat-2024-1-min-2.jpg 1468w\" sizes=\"auto, (max-width: 800px) 100vw, 800px\" \/><\/figure>\n\n\n\n<p>Die \u201eEurocoat\u201c 2024 in Paris war einmal mehr eine gute Gelegenheit, mit bestehenden und neuen Kunden intensive und fokussierte Gespr\u00e4che zu f\u00fchren. Gemeinsam mit unserem langj\u00e4hrigen Partner \u201aLa Provencale SA wurden bestehende Kontakte gepflegt sowie neue Kundenprojekte angesto\u00dfen, wobei die westeurop\u00e4ischen M\u00e4rkte klar im Vordergrund standen. Wir freuen uns, interessante Impulse und Ideen von hier mitzunehmen und werden sicherlich unsere gute Position in diesem vielf\u00e4ltigen Bereich weiter z\u00fcgig ausbauen k\u00f6nnen.<\/p>\n","protected":false},"excerpt":{"rendered":"<p>Die \u201eEurocoat\u201c 2024 in Paris war einmal mehr eine gute Gelegenheit, mit bestehenden und neuen Kunden intensive und fokussierte Gespr\u00e4che zu f\u00fchren. Gemeinsam mit unserem langj\u00e4hrigen Partner \u201aLa Provencale SA wurden bestehende Kontakte gepflegt sowie neue Kundenprojekte angesto\u00dfen, wobei die westeurop\u00e4ischen M\u00e4rkte klar im Vordergrund standen. Wir freuen uns, interessante Impulse und Ideen von hier [&hellip;]<\/p>\n","protected":false},"author":38,"featured_media":5170375,"comment_status":"closed","ping_status":"closed","sticky":false,"template":"","format":"standard","meta":{"_acf_changed":false,"footnotes":""},"categories":[28],"tags":[],"class_list":["post-5170359","post","type-post","status-publish","format-standard","has-post-thumbnail","hentry","category-technical-industry"],"acf":[],"_links":{"self":[{"href":"https:\/\/www.jelu-werk.com\/de\/wp-json\/wp\/v2\/posts\/5170359","targetHints":{"allow":["GET"]}}],"collection":[{"href":"https:\/\/www.jelu-werk.com\/de\/wp-json\/wp\/v2\/posts"}],"about":[{"href":"https:\/\/www.jelu-werk.com\/de\/wp-json\/wp\/v2\/types\/post"}],"author":[{"embeddable":true,"href":"https:\/\/www.jelu-werk.com\/de\/wp-json\/wp\/v2\/users\/38"}],"replies":[{"embeddable":true,"href":"https:\/\/www.jelu-werk.com\/de\/wp-json\/wp\/v2\/comments?post=5170359"}],"version-history":[{"count":1,"href":"https:\/\/www.jelu-werk.com\/de\/wp-json\/wp\/v2\/posts\/5170359\/revisions"}],"predecessor-version":[{"id":5170391,"href":"https:\/\/www.jelu-werk.com\/de\/wp-json\/wp\/v2\/posts\/5170359\/revisions\/5170391"}],"wp:featuredmedia":[{"embeddable":true,"href":"https:\/\/www.jelu-werk.com\/de\/wp-json\/wp\/v2\/media\/5170375"}],"wp:attachment":[{"href":"https:\/\/www.jelu-werk.com\/de\/wp-json\/wp\/v2\/media?parent=5170359"}],"wp:term":[{"taxonomy":"category","embeddable":true,"href":"https:\/\/www.jelu-werk.com\/de\/wp-json\/wp\/v2\/categories?post=5170359"},{"taxonomy":"post_tag","embeddable":true,"href":"https:\/\/www.jelu-werk.com\/de\/wp-json\/wp\/v2\/tags?post=5170359"}],"curies":[{"name":"wp","href":"https:\/\/api.w.org\/{rel}","templated":true}]}}