{"id":5042159,"date":"2023-09-26T12:09:40","date_gmt":"2023-09-26T10:09:40","guid":{"rendered":"https:\/\/www.jelu-werk.com\/?p=5042159"},"modified":"2023-09-26T12:15:00","modified_gmt":"2023-09-26T10:15:00","slug":"jelu-space-agrarmesse-rennes","status":"publish","type":"post","link":"https:\/\/www.jelu-werk.com\/de\/jelu-space-agrarmesse-rennes\/","title":{"rendered":"JELU zum ersten Mal bei der SPACE Agrarmesse in Rennes FR"},"content":{"rendered":"\n<div class=\"wp-block-columns are-vertically-aligned-center is-layout-flex wp-container-core-columns-is-layout-9d6595d7 wp-block-columns-is-layout-flex\">\n<div class=\"wp-block-column is-vertically-aligned-center is-layout-flow wp-block-column-is-layout-flow\" style=\"flex-basis:100%\">\n<figure class=\"wp-block-gallery has-nested-images columns-default is-cropped wp-block-gallery-2 is-layout-flex wp-block-gallery-is-layout-flex\">\n<figure class=\"wp-block-image size-large is-resized is-style-default wp-duotone-unset-1\"><img decoding=\"async\" data-id=\"5042172\" src=\"https:\/\/www.jelu-werk.com\/wp-content\/uploads\/2023\/09\/Space-2023-min-800x600.jpg\" alt=\"\" class=\"wp-image-5042172\" style=\"width:600px\" width=\"600\" srcset=\"https:\/\/www.jelu-werk.com\/wp-content\/uploads\/2023\/09\/Space-2023-min-800x600.jpg 800w, https:\/\/www.jelu-werk.com\/wp-content\/uploads\/2023\/09\/Space-2023-min-275x206.jpg 275w, https:\/\/www.jelu-werk.com\/wp-content\/uploads\/2023\/09\/Space-2023-min-768x576.jpg 768w, https:\/\/www.jelu-werk.com\/wp-content\/uploads\/2023\/09\/Space-2023-min-1536x1152.jpg 1536w, https:\/\/www.jelu-werk.com\/wp-content\/uploads\/2023\/09\/Space-2023-min-2048x1536.jpg 2048w, https:\/\/www.jelu-werk.com\/wp-content\/uploads\/2023\/09\/Space-2023-min-600x450.jpg 600w\" sizes=\"(max-width: 800px) 100vw, 800px\" \/><\/figure>\n<\/figure>\n<\/div>\n<\/div>\n\n\n\n<p>Vom 12.09. bis zum 14.09.23 fand in Rennes die 37. Ausgabe der Landwirtschaftsausstellung SPACE statt, die in Frankreich klar f\u00fchrende Veranstaltung ihrer Art.<br>JELU-WERK kann auch mit seinen Futtermittelprodukten in Frankreich als wichtiges Agrarland mittlerweile gute Zuw\u00e4chse verzeichnen. Da au\u00dferdem die SPACE \u00fcber die Zeit immer bedeutender geworden ist und inzwischen auch international eine Messe von Rang auf ihrem Gebiet geworden ist, war es nur folgerichtig, hier zum ersten Male als Aufsteller &#8222;Flagge zu zeigen&#8220; und sowohl bestehende als auch zuk\u00fcnftige Kunden quasi vor Ort zu begr\u00fc\u00dfen. Der gro\u00dfe Zulauf und die vielen guten Kontakte, die am JELU-Stand gekn\u00fcpft werden konnten, zeigten, da\u00df diese Entscheidung absolut richtig war. Wir freuen uns einmal mehr \u00fcber die Fortsetzung der begonnenen Gespr\u00e4che und den weiteren Ausbau der guten Beziehungen zur Futtermittelwirtschaft unseres befreundeten Nachbarlands.<\/p>\n","protected":false},"excerpt":{"rendered":"<p>Vom 12.09. bis zum 14.09.23 fand in Rennes die 37. Ausgabe der Landwirtschaftsausstellung SPACE statt, die in Frankreich klar f\u00fchrende Veranstaltung ihrer Art.JELU-WERK kann auch mit seinen Futtermittelprodukten in Frankreich als wichtiges Agrarland mittlerweile gute Zuw\u00e4chse verzeichnen. Da au\u00dferdem die SPACE \u00fcber die Zeit immer bedeutender geworden ist und inzwischen auch international eine Messe von [&hellip;]<\/p>\n","protected":false},"author":38,"featured_media":5042172,"comment_status":"closed","ping_status":"closed","sticky":false,"template":"","format":"standard","meta":{"_acf_changed":false,"footnotes":""},"categories":[36],"tags":[],"class_list":["post-5042159","post","type-post","status-publish","format-standard","has-post-thumbnail","hentry","category-haus-und-nutztiere"],"acf":[],"_links":{"self":[{"href":"https:\/\/www.jelu-werk.com\/de\/wp-json\/wp\/v2\/posts\/5042159","targetHints":{"allow":["GET"]}}],"collection":[{"href":"https:\/\/www.jelu-werk.com\/de\/wp-json\/wp\/v2\/posts"}],"about":[{"href":"https:\/\/www.jelu-werk.com\/de\/wp-json\/wp\/v2\/types\/post"}],"author":[{"embeddable":true,"href":"https:\/\/www.jelu-werk.com\/de\/wp-json\/wp\/v2\/users\/38"}],"replies":[{"embeddable":true,"href":"https:\/\/www.jelu-werk.com\/de\/wp-json\/wp\/v2\/comments?post=5042159"}],"version-history":[{"count":6,"href":"https:\/\/www.jelu-werk.com\/de\/wp-json\/wp\/v2\/posts\/5042159\/revisions"}],"predecessor-version":[{"id":5042280,"href":"https:\/\/www.jelu-werk.com\/de\/wp-json\/wp\/v2\/posts\/5042159\/revisions\/5042280"}],"wp:featuredmedia":[{"embeddable":true,"href":"https:\/\/www.jelu-werk.com\/de\/wp-json\/wp\/v2\/media\/5042172"}],"wp:attachment":[{"href":"https:\/\/www.jelu-werk.com\/de\/wp-json\/wp\/v2\/media?parent=5042159"}],"wp:term":[{"taxonomy":"category","embeddable":true,"href":"https:\/\/www.jelu-werk.com\/de\/wp-json\/wp\/v2\/categories?post=5042159"},{"taxonomy":"post_tag","embeddable":true,"href":"https:\/\/www.jelu-werk.com\/de\/wp-json\/wp\/v2\/tags?post=5042159"}],"curies":[{"name":"wp","href":"https:\/\/api.w.org\/{rel}","templated":true}]}}