{"id":5004,"date":"2013-04-17T12:33:55","date_gmt":"2013-04-17T10:33:55","guid":{"rendered":"https:\/\/www.jelu-werk.com\/?p=5004"},"modified":"2018-05-14T15:51:47","modified_gmt":"2018-05-14T13:51:47","slug":"grosses-interesse-auf-der-plastteknik-2","status":"publish","type":"post","link":"https:\/\/www.jelu-werk.com\/de\/grosses-interesse-auf-der-plastteknik-2\/","title":{"rendered":"Gro\u00dfes Interesse auf der Plastteknik"},"content":{"rendered":"<div id=\"attachment_5002\" class=\"wp-caption alignright\" style=\"width: 240px\"><img loading=\"lazy\" decoding=\"async\" class=\" wp-image-5002 alignright\" alt=\"JELU auf der Plastteknik 2013\" src=\"https:\/\/www.jelu-werk.com\/wp-content\/uploads\/2013\/04\/Plastteknik_2013.jpg\" width=\"240\" height=\"230\" srcset=\"https:\/\/www.jelu-werk.com\/wp-content\/uploads\/2013\/04\/Plastteknik_2013.jpg 500w, https:\/\/www.jelu-werk.com\/wp-content\/uploads\/2013\/04\/Plastteknik_2013-275x262.jpg 275w\" sizes=\"auto, (max-width: 240px) 100vw, 240px\" \/><p><span class=\"photo-credit\">Foto: \u00a9 JELU-WERK \u2013 www.jelu-werk.com<\/span><\/p><\/div>\n<p>Auf gro\u00dfes Interesse bei den Besuchern der Plastteknik stie\u00dfen die Produktmuster und Anwendungsbeispiele aus Wood-Plastic-Composites von JELU. Vom 10. bis 11. April 2013 war das JELU-WERK auf der Messe f\u00fcr Kunststofftechnologie in Malm\u00f6 vertreten. Mitarbeiter des JELU-WERKs pr\u00e4sentierten unter anderem WPC-Produkte, die im Spritzguss- oder Extrusionsverfahren hergestellt wurden. Die Granulate, die JELU seit Jahren nach eigenen Rezepturen produziert, haben sich sowohl im Spritzgussverfahren als auch im Extrusionsverfahren bew\u00e4hrt. Das JELU-WERK bietet au\u00dferdem individuelle WPC-Mischungen nach Kundenwunsch.<\/p>\n<p>Die Plastteknik fand auf dem Gel\u00e4nde der Malm\u00f6M\u00e4ssan im schwedischen Malm\u00f6 statt. Seit 2005 wird die Messe f\u00fcr Kunststofftechnologie alle zwei Jahre veranstaltet. Sie hat sich in den vergangenen Jahren zum gr\u00f6\u00dften Treffpunkt der Kunststoffindustrie in den nordischen L\u00e4ndern entwickelt. Veranstalter ist die easyFairs Scandinavia.<\/p>\n","protected":false},"excerpt":{"rendered":"<p>Auf gro\u00dfes Interesse bei den Besuchern der Plastteknik stie\u00dfen die Produktmuster und Anwendungsbeispiele aus Wood-Plastic-Composites von JELU. Vom 10. bis 11. April 2013 war das JELU-WERK auf der Messe f\u00fcr Kunststofftechnologie in Malm\u00f6 vertreten.<\/p>\n","protected":false},"author":2,"featured_media":0,"comment_status":"closed","ping_status":"closed","sticky":false,"template":"","format":"standard","meta":{"_acf_changed":false,"footnotes":""},"categories":[30],"tags":[],"class_list":["post-5004","post","type-post","status-publish","format-standard","hentry","category-technische-industrie"],"acf":[],"_links":{"self":[{"href":"https:\/\/www.jelu-werk.com\/de\/wp-json\/wp\/v2\/posts\/5004","targetHints":{"allow":["GET"]}}],"collection":[{"href":"https:\/\/www.jelu-werk.com\/de\/wp-json\/wp\/v2\/posts"}],"about":[{"href":"https:\/\/www.jelu-werk.com\/de\/wp-json\/wp\/v2\/types\/post"}],"author":[{"embeddable":true,"href":"https:\/\/www.jelu-werk.com\/de\/wp-json\/wp\/v2\/users\/2"}],"replies":[{"embeddable":true,"href":"https:\/\/www.jelu-werk.com\/de\/wp-json\/wp\/v2\/comments?post=5004"}],"version-history":[{"count":2,"href":"https:\/\/www.jelu-werk.com\/de\/wp-json\/wp\/v2\/posts\/5004\/revisions"}],"predecessor-version":[{"id":9110,"href":"https:\/\/www.jelu-werk.com\/de\/wp-json\/wp\/v2\/posts\/5004\/revisions\/9110"}],"wp:attachment":[{"href":"https:\/\/www.jelu-werk.com\/de\/wp-json\/wp\/v2\/media?parent=5004"}],"wp:term":[{"taxonomy":"category","embeddable":true,"href":"https:\/\/www.jelu-werk.com\/de\/wp-json\/wp\/v2\/categories?post=5004"},{"taxonomy":"post_tag","embeddable":true,"href":"https:\/\/www.jelu-werk.com\/de\/wp-json\/wp\/v2\/tags?post=5004"}],"curies":[{"name":"wp","href":"https:\/\/api.w.org\/{rel}","templated":true}]}}