{"id":4954606,"date":"2023-04-12T12:34:29","date_gmt":"2023-04-12T10:34:29","guid":{"rendered":"https:\/\/www.jelu-werk.com\/?p=4954606"},"modified":"2023-04-12T12:34:32","modified_gmt":"2023-04-12T10:34:32","slug":"messeteilnahme-figan-saragossa-spanien-maerz-2023","status":"publish","type":"post","link":"https:\/\/www.jelu-werk.com\/de\/messeteilnahme-figan-saragossa-spanien-maerz-2023\/","title":{"rendered":"Messeteilnahme FIGAN, Saragossa, Spanien &#8211; M\u00e4rz 2023"},"content":{"rendered":"\n<figure class=\"wp-block-image size-large\"><img loading=\"lazy\" decoding=\"async\" width=\"800\" height=\"568\" src=\"https:\/\/www.jelu-werk.com\/wp-content\/uploads\/2023\/04\/FIGAN-2-800x568.jpg\" alt=\"Die Figan ist eine internationale Messe f\u00fcr Landwirtschaft, Forstwirtschaft, Jagd und Fischerei, die alle zwei Jahre in Zaragoza stattfindet.\" class=\"wp-image-4954600\" srcset=\"https:\/\/www.jelu-werk.com\/wp-content\/uploads\/2023\/04\/FIGAN-2-800x568.jpg 800w, https:\/\/www.jelu-werk.com\/wp-content\/uploads\/2023\/04\/FIGAN-2-275x195.jpg 275w, https:\/\/www.jelu-werk.com\/wp-content\/uploads\/2023\/04\/FIGAN-2-768x545.jpg 768w, https:\/\/www.jelu-werk.com\/wp-content\/uploads\/2023\/04\/FIGAN-2.jpg 1497w\" sizes=\"auto, (max-width: 800px) 100vw, 800px\" \/><figcaption class=\"wp-element-caption\">Die Figan ist eine internationale Fachmesse f\u00fcr Landwirtschaft, Forstwirtschaft, Jagd und Fischerei, die in Saragossa stattfindet.<\/figcaption><\/figure>\n\n\n\n<p>Vom 28. bis 31. M\u00e4rz nahm JELU-WERK, gemeinsam mit seinem lokalen Partner, an der alle zwei Jahre stattfindenden Messe FIGAN in Saragossa teil. Auch in ihrer 16. Ausgabe war sie wieder ein wichtiges Schaufenster f\u00fcr die Futtermittelwirtschaft, so da\u00df wir die Gelegenheit nutzen konnten, neue und bestehende nationale und internationale Kunden aus der Futtermittel- und Heimtierfuttermittelbranche zu begr\u00fc\u00dfen. Unsere s\u00fcdwesteurop\u00e4ischen M\u00e4rkte sind in den letzten Jahren stark gewachsen, und wir freuen uns auf eine weitere dynamische Entwicklung und eine erfolgreiche Unterst\u00fctzung unserer Partner vor Ort.<\/p>\n\n\n\n<figure class=\"wp-block-image size-large\"><img loading=\"lazy\" decoding=\"async\" width=\"800\" height=\"591\" src=\"https:\/\/www.jelu-werk.com\/wp-content\/uploads\/2023\/04\/FIGAN-1-800x591.jpg\" alt=\"Mit unserem Partner Barentz unterst\u00fctzen wir erfolgreich den Futter- und Tiernahrungssektor\" class=\"wp-image-4954602\" srcset=\"https:\/\/www.jelu-werk.com\/wp-content\/uploads\/2023\/04\/FIGAN-1-800x591.jpg 800w, https:\/\/www.jelu-werk.com\/wp-content\/uploads\/2023\/04\/FIGAN-1-275x203.jpg 275w, https:\/\/www.jelu-werk.com\/wp-content\/uploads\/2023\/04\/FIGAN-1-768x568.jpg 768w, https:\/\/www.jelu-werk.com\/wp-content\/uploads\/2023\/04\/FIGAN-1-1536x1135.jpg 1536w, https:\/\/www.jelu-werk.com\/wp-content\/uploads\/2023\/04\/FIGAN-1.jpg 1794w\" sizes=\"auto, (max-width: 800px) 100vw, 800px\" \/><figcaption class=\"wp-element-caption\">Mit unserem Partner Barentz unterst\u00fctzen wir erfolgreich den Futtermittel- und Tiernahrungssektor.<\/figcaption><\/figure>\n","protected":false},"excerpt":{"rendered":"<p>Vom 28. bis 31. M\u00e4rz nahm JELU-WERK, gemeinsam mit seinem lokalen Partner, an der alle zwei Jahre stattfindenden Messe FIGAN in Saragossa teil. Auch in ihrer 16. Ausgabe war sie wieder ein wichtiges Schaufenster f\u00fcr die Futtermittelwirtschaft, so da\u00df wir die Gelegenheit nutzen konnten, neue und bestehende nationale und internationale Kunden aus der Futtermittel- und [&hellip;]<\/p>\n","protected":false},"author":5,"featured_media":0,"comment_status":"closed","ping_status":"closed","sticky":false,"template":"","format":"standard","meta":{"_acf_changed":false,"footnotes":""},"categories":[36],"tags":[],"class_list":["post-4954606","post","type-post","status-publish","format-standard","hentry","category-haus-und-nutztiere"],"acf":[],"_links":{"self":[{"href":"https:\/\/www.jelu-werk.com\/de\/wp-json\/wp\/v2\/posts\/4954606","targetHints":{"allow":["GET"]}}],"collection":[{"href":"https:\/\/www.jelu-werk.com\/de\/wp-json\/wp\/v2\/posts"}],"about":[{"href":"https:\/\/www.jelu-werk.com\/de\/wp-json\/wp\/v2\/types\/post"}],"author":[{"embeddable":true,"href":"https:\/\/www.jelu-werk.com\/de\/wp-json\/wp\/v2\/users\/5"}],"replies":[{"embeddable":true,"href":"https:\/\/www.jelu-werk.com\/de\/wp-json\/wp\/v2\/comments?post=4954606"}],"version-history":[{"count":1,"href":"https:\/\/www.jelu-werk.com\/de\/wp-json\/wp\/v2\/posts\/4954606\/revisions"}],"predecessor-version":[{"id":4954607,"href":"https:\/\/www.jelu-werk.com\/de\/wp-json\/wp\/v2\/posts\/4954606\/revisions\/4954607"}],"wp:attachment":[{"href":"https:\/\/www.jelu-werk.com\/de\/wp-json\/wp\/v2\/media?parent=4954606"}],"wp:term":[{"taxonomy":"category","embeddable":true,"href":"https:\/\/www.jelu-werk.com\/de\/wp-json\/wp\/v2\/categories?post=4954606"},{"taxonomy":"post_tag","embeddable":true,"href":"https:\/\/www.jelu-werk.com\/de\/wp-json\/wp\/v2\/tags?post=4954606"}],"curies":[{"name":"wp","href":"https:\/\/api.w.org\/{rel}","templated":true}]}}