{"id":2779613,"date":"2019-12-11T12:23:38","date_gmt":"2019-12-11T10:23:38","guid":{"rendered":"https:\/\/www.jelu-werk.com\/?p=2779613"},"modified":"2020-07-01T13:51:46","modified_gmt":"2020-07-01T11:51:46","slug":"fie-2019-jelu-sehr-zufrieden-mit-messeverlauf","status":"publish","type":"post","link":"https:\/\/www.jelu-werk.com\/de\/fie-2019-jelu-sehr-zufrieden-mit-messeverlauf\/","title":{"rendered":"FIE 2019: JELU sehr zufrieden mit Messeverlauf"},"content":{"rendered":"<p>Auch in diesem Jahr war das JELU-WERK auf der <a href=\"https:\/\/www.figlobal.com\/fieurope\/\" target=\"_blank\" rel=\"noopener noreferrer\">Food Ingredients Europe<\/a> (FIE) vertreten. Vom 3. bis 5. Dezember 2019 stellte das Unternehmen in der Pariser Messehalle seine <a href=\"https:\/\/www.jelu-werk.com\/de\/cellulose\/pflanzenfasern\/\" target=\"_blank\" rel=\"noopener noreferrer\">funktionellen Lebensmittelfasern<\/a> vor. Die Pflanzenfasern aus Weizen, Hafer und Bambus verbessern die Produkteigenschaften und den Herstellungsprozess von Brot- und Backwaren, Tiefk\u00fchlprodukten, Gew\u00fcrzen, Molkereiprodukten, Fleisch und Convenience-Produkten. Sie werden u.a. als Texturgeber, Rieselhilfe, Trennmittel und zur Fettreduktion eingesetzt. Das Interesse an den Lebensmittelfasern von JELU war in diesem Jahr besonders gro\u00df, sodass JELU mit vielen neuen Kunden in einen regen Austausch zu JELUCEL\u00ae Nahrungsfasern gehen konnte. Die Gesch\u00e4ftsf\u00fchrung und das JELU-Vertriebsteam zeigten sich sehr zufrieden mit dem Messeverlauf und den sich daraus ergebenden neuen Gesch\u00e4ftsm\u00f6glichkeiten.<\/p>\n<p>Die FIE ist weltweit die gr\u00f6\u00dfte Messe f\u00fcr Lebensmittelinhalts- und Zusatzstoffe. Das internationale Fachpublikum nutzt die Messe, um neuartige Trends kennenzulernen und neue Gesch\u00e4ftsbeziehungen aufzubauen. Bisher fand die FIE alle zwei Jahre abwechselnd an den Standorten Paris und Frankfurt statt. Ab 2020 \u00e4ndert sich der Rhythmus, sodass die Veranstaltung dann j\u00e4hrlich stattfindet. Aber weiterhin an wechselnden Standorten.<\/p>\n<div class=\"wp-caption alignnone\" style=\"width: 450px\"><img loading=\"lazy\" decoding=\"async\" class=\"aligncenter size-full wp-image-2777286\" src=\"https:\/\/www.jelu-werk.com\/wp-content\/uploads\/2019\/12\/FIE-2019-Paris-2.jpg\" alt=\"JELU-Messestand und Mitarbeiter auf der FIE 2019\" width=\"450\" height=\"390\" srcset=\"https:\/\/www.jelu-werk.com\/wp-content\/uploads\/2019\/12\/FIE-2019-Paris-2.jpg 450w, https:\/\/www.jelu-werk.com\/wp-content\/uploads\/2019\/12\/FIE-2019-Paris-2-275x238.jpg 275w\" sizes=\"auto, (max-width: 450px) 100vw, 450px\" \/><p><span class=\"photo-credit\">Foto: \u00a9 JELU-WERK \u2013 www.jelu-werk.com<\/span><\/p><\/div>\n<p>&nbsp;<\/p>\n<div class=\"wp-caption alignnone\" style=\"width: 450px\"><img loading=\"lazy\" decoding=\"async\" class=\"aligncenter size-full wp-image-2777281\" src=\"https:\/\/www.jelu-werk.com\/wp-content\/uploads\/2019\/12\/FIE-2019-Paris-1.jpg\" alt=\"JELU: Mitarbeiter im Gespr\u00e4ch auf FIE 2019\" width=\"450\" height=\"338\" srcset=\"https:\/\/www.jelu-werk.com\/wp-content\/uploads\/2019\/12\/FIE-2019-Paris-1.jpg 450w, https:\/\/www.jelu-werk.com\/wp-content\/uploads\/2019\/12\/FIE-2019-Paris-1-275x207.jpg 275w\" sizes=\"auto, (max-width: 450px) 100vw, 450px\" \/><p><span class=\"photo-credit\">Foto: \u00a9 JELU-WERK \u2013 www.jelu-werk.com<\/span><\/p><\/div>\n<p>&nbsp;<\/p>\n","protected":false},"excerpt":{"rendered":"<p>Auch in diesem Jahr war das JELU-WERK auf der <a href=\"https:\/\/www.figlobal.com\/fieurope\/\" rel=\"noopener noreferrer\" target=\"_blank\">Food Ingredients Europe<\/a> (FIE) vertreten. Vom 3. bis 5. Dezember 2019 stellte das Unternehmen in der Pariser Messehalle seine <a href=\"https:\/\/www.jelu-werk.com\/de\/cellulose\/pflanzenfasern\/\" rel=\"noopener noreferrer\" target=\"_blank\">funktionellen Lebensmittelfasern<\/a> vor.<\/p>\n","protected":false},"author":4,"featured_media":0,"comment_status":"closed","ping_status":"closed","sticky":false,"template":"","format":"standard","meta":{"_acf_changed":false,"footnotes":""},"categories":[33,3],"tags":[269,357],"class_list":["post-2779613","post","type-post","status-publish","format-standard","hentry","category-lebensmittel","category-unternehmen","tag-lebensmittelzusatzstoff","tag-pflanzenfasern"],"acf":[],"_links":{"self":[{"href":"https:\/\/www.jelu-werk.com\/de\/wp-json\/wp\/v2\/posts\/2779613","targetHints":{"allow":["GET"]}}],"collection":[{"href":"https:\/\/www.jelu-werk.com\/de\/wp-json\/wp\/v2\/posts"}],"about":[{"href":"https:\/\/www.jelu-werk.com\/de\/wp-json\/wp\/v2\/types\/post"}],"author":[{"embeddable":true,"href":"https:\/\/www.jelu-werk.com\/de\/wp-json\/wp\/v2\/users\/4"}],"replies":[{"embeddable":true,"href":"https:\/\/www.jelu-werk.com\/de\/wp-json\/wp\/v2\/comments?post=2779613"}],"version-history":[{"count":7,"href":"https:\/\/www.jelu-werk.com\/de\/wp-json\/wp\/v2\/posts\/2779613\/revisions"}],"predecessor-version":[{"id":3643534,"href":"https:\/\/www.jelu-werk.com\/de\/wp-json\/wp\/v2\/posts\/2779613\/revisions\/3643534"}],"wp:attachment":[{"href":"https:\/\/www.jelu-werk.com\/de\/wp-json\/wp\/v2\/media?parent=2779613"}],"wp:term":[{"taxonomy":"category","embeddable":true,"href":"https:\/\/www.jelu-werk.com\/de\/wp-json\/wp\/v2\/categories?post=2779613"},{"taxonomy":"post_tag","embeddable":true,"href":"https:\/\/www.jelu-werk.com\/de\/wp-json\/wp\/v2\/tags?post=2779613"}],"curies":[{"name":"wp","href":"https:\/\/api.w.org\/{rel}","templated":true}]}}