{"id":1555899,"date":"2019-03-27T15:41:56","date_gmt":"2019-03-27T13:41:56","guid":{"rendered":"https:\/\/www.jelu-werk.com\/?p=1555899"},"modified":"2019-03-27T16:03:52","modified_gmt":"2019-03-27T14:03:52","slug":"grosses-interesse-figan-2019","status":"publish","type":"post","link":"https:\/\/www.jelu-werk.com\/de\/grosses-interesse-figan-2019\/","title":{"rendered":"Gro\u00dfes Interesse an Rohfaserkomponenten auf der Figan 2019"},"content":{"rendered":"<p>Vom 19. bis 22. M\u00e4rz fand die internationale Fachmesse f\u00fcr Tierproduktion <a href=\"https:\/\/www.feriazaragoza.es\/figan-2019\" rel=\"noopener noreferrer\" target=\"_blank\">Figan<\/a> in Saragossa, Spanien, statt. Das JELU-WERK war durch <a href=\"https:\/\/www.barentz.com\/expertise-through-barentz-group-companies\/barentz-campi-y-jove.html\" rel=\"noopener noreferrer\" target=\"_blank\">Barentz Campi Y Jove<\/a> vertreten. Am Stand unseres spanischen Partners konnten sich die Besucher der Fachmesse \u00fcber unsere Rohfaserkomponenten <a href=\"https:\/\/www.jelu-werk.com\/de\/lignocellulose\/futtermittelergaenzung-und-einstreu\/jeluvet-lignocellulose\/\">JELUVET\u00ae<\/a> und <a href=\"https:\/\/www.jelu-werk.com\/de\/lignocellulose\/futtermittelergaenzung-und-einstreu\/jelucel-rohfaser\/\">JELUCEL\u00ae<\/a> informieren. Unsere naturreinen Cellulosen und Lignocellulosen sind n\u00e4hrstoffneutrale und standardisierbare <a href=\"https:\/\/www.jelu-werk.com\/lignocellulose\/feed-supplement-and-animal-bedding\/animal-feed-products\/\">Futtermittelkomponenten <\/a>mit hoher Quellf\u00e4higkeit. Sie k\u00f6nnen Nutz- und Heimtierfutterrezepturen zugegeben werden, um den Rohfasergehalt des Futtermittels gezielt und sicher zu erh\u00f6hen.<\/p>\n<p>Die Tierproduzenten und Z\u00fcchter zeigten sich in Saragossa sehr interessiert. \u201eWir sind sehr zufrieden mit dem Messeverlauf. Ich bin mir sicher, dass wir unsere Produkte am spanischen Markt weiter etablieren k\u00f6nnen\u201c, so Markus Hesse, Vertriebsmanager bei JELU-WERK.<\/p>\n<p>Die Figan ist eine internationale Fachmesse f\u00fcr Tierproduktion mit Schwerpunkt auf dem spanischen Markt. Von den nahezu 1000 Ausstellern stammten in diesem Jahr etwa 400 aus dem nichtspanischen Ausland.<\/p>\n<p><div class=\"wp-caption alignnone\" style=\"width: 475px\"><img loading=\"lazy\" decoding=\"async\" src=\"https:\/\/www.jelu-werk.com\/wp-content\/uploads\/2019\/03\/Figan-2019.jpg\" alt=\"Produkte von JELU auf der Figan 2019\" width=\"450\" height=\"324\" class=\"aligncenter size-full wp-image-1548442\" srcset=\"https:\/\/www.jelu-werk.com\/wp-content\/uploads\/2019\/03\/Figan-2019.jpg 450w, https:\/\/www.jelu-werk.com\/wp-content\/uploads\/2019\/03\/Figan-2019-275x198.jpg 275w\" sizes=\"auto, (max-width: 450px) 100vw, 450px\" \/><p><span class=\"photo-credit\">Foto: \u00a9 JELU-WERK \u2013 www.jelu-werk.com<\/span><\/p><\/div><br \/>\n&nbsp;<\/p>\n<p><div class=\"wp-caption alignnone\" style=\"width: 475px\"><img loading=\"lazy\" decoding=\"async\" src=\"https:\/\/www.jelu-werk.com\/wp-content\/uploads\/2019\/03\/Figan-2019-1.jpg\" alt=\"JELUVET und JELUCEL auf der Figan 2019\" width=\"450\" height=\"279\" class=\"aligncenter size-full wp-image-1548446\" srcset=\"https:\/\/www.jelu-werk.com\/wp-content\/uploads\/2019\/03\/Figan-2019-1.jpg 450w, https:\/\/www.jelu-werk.com\/wp-content\/uploads\/2019\/03\/Figan-2019-1-275x171.jpg 275w\" sizes=\"auto, (max-width: 450px) 100vw, 450px\" \/><p><span class=\"photo-credit\">Foto: \u00a9 JELU-WERK \u2013 www.jelu-werk.com<\/span><\/p><\/div><br \/>\n&nbsp;<\/p>\n<p><img loading=\"lazy\" decoding=\"async\" src=\"https:\/\/www.jelu-werk.com\/wp-content\/uploads\/2019\/03\/Plakat-Figan-2019.jpg\" alt=\"Plakat Figan 2019\" width=\"450\" height=\"639\" class=\"aligncenter size-full wp-image-1555995\" srcset=\"https:\/\/www.jelu-werk.com\/wp-content\/uploads\/2019\/03\/Plakat-Figan-2019.jpg 450w, https:\/\/www.jelu-werk.com\/wp-content\/uploads\/2019\/03\/Plakat-Figan-2019-275x391.jpg 275w\" sizes=\"auto, (max-width: 450px) 100vw, 450px\" \/><br \/>\n&nbsp;<\/p>\n","protected":false},"excerpt":{"rendered":"<p>Vom 19. bis 22. M\u00e4rz fand die internationale Fachmesse f\u00fcr Tierproduktion <a href=\"https:\/\/www.feriazaragoza.es\/figan-2019\" rel=\"noopener noreferrer\" target=\"_blank\">Figan<\/a> in Saragossa, Spanien, statt. Das JELU-WERK war durch <a href=\"https:\/\/www.barentz.com\/expertise-through-barentz-group-companies\/barentz-campi-y-jove.html\" rel=\"noopener noreferrer\" target=\"_blank\">Barentz Campi Y Jove<\/a> vertreten. Am Stand unseres spanischen Partners konnten sich die Besucher der Fachmesse \u00fcber unsere Rohfaserkomponenten <a href=\"https:\/\/www.jelu-werk.com\/de\/lignocellulose\/futtermittelergaenzung-und-einstreu\/jeluvet-lignocellulose\/\">JELUVET\u00ae<\/a> und <a href=\"https:\/\/www.jelu-werk.com\/de\/lignocellulose\/futtermittelergaenzung-und-einstreu\/jelucel-rohfaser\/\">JELUCEL\u00ae<\/a> informieren.<\/p>\n","protected":false},"author":4,"featured_media":0,"comment_status":"closed","ping_status":"closed","sticky":false,"template":"","format":"standard","meta":{"_acf_changed":false,"footnotes":""},"categories":[36,3],"tags":[],"class_list":["post-1555899","post","type-post","status-publish","format-standard","hentry","category-haus-und-nutztiere","category-unternehmen"],"acf":[],"_links":{"self":[{"href":"https:\/\/www.jelu-werk.com\/de\/wp-json\/wp\/v2\/posts\/1555899","targetHints":{"allow":["GET"]}}],"collection":[{"href":"https:\/\/www.jelu-werk.com\/de\/wp-json\/wp\/v2\/posts"}],"about":[{"href":"https:\/\/www.jelu-werk.com\/de\/wp-json\/wp\/v2\/types\/post"}],"author":[{"embeddable":true,"href":"https:\/\/www.jelu-werk.com\/de\/wp-json\/wp\/v2\/users\/4"}],"replies":[{"embeddable":true,"href":"https:\/\/www.jelu-werk.com\/de\/wp-json\/wp\/v2\/comments?post=1555899"}],"version-history":[{"count":4,"href":"https:\/\/www.jelu-werk.com\/de\/wp-json\/wp\/v2\/posts\/1555899\/revisions"}],"predecessor-version":[{"id":1556233,"href":"https:\/\/www.jelu-werk.com\/de\/wp-json\/wp\/v2\/posts\/1555899\/revisions\/1556233"}],"wp:attachment":[{"href":"https:\/\/www.jelu-werk.com\/de\/wp-json\/wp\/v2\/media?parent=1555899"}],"wp:term":[{"taxonomy":"category","embeddable":true,"href":"https:\/\/www.jelu-werk.com\/de\/wp-json\/wp\/v2\/categories?post=1555899"},{"taxonomy":"post_tag","embeddable":true,"href":"https:\/\/www.jelu-werk.com\/de\/wp-json\/wp\/v2\/tags?post=1555899"}],"curies":[{"name":"wp","href":"https:\/\/api.w.org\/{rel}","templated":true}]}}