{"id":1356360,"date":"2019-02-28T16:33:13","date_gmt":"2019-02-28T14:33:13","guid":{"rendered":"https:\/\/www.jelu-werk.com\/partnership-with-cfi-world\/"},"modified":"2019-03-26T11:23:03","modified_gmt":"2019-03-26T09:23:03","slug":"partnerschaft-mit-cfi-world","status":"publish","type":"post","link":"https:\/\/www.jelu-werk.com\/de\/partnerschaft-mit-cfi-world\/","title":{"rendered":"Neue Partnerschaft im Bereich Bauchemie mit CFI World"},"content":{"rendered":"<p>Vom 20. bis 21. Februar 2019 fand bei unserem polnischer Partner <a href=\"http:\/\/cfiworld.pl\/en\/\" rel=\"noopener noreferrer\" target=\"_blank\">CFI World<\/a> eine Kundenveranstaltung zum Thema Bauchemie statt. Mehr als 50 Kundenvertreter der bauchemischen Industrie folgten der Einladung ins polnische Sierpc. <\/p>\n<p>Der Vertriebsleiter des JELU-WERKs, Jens Schienke, war auch anwesend. Er stellte den Teilnehmern das Unternehmen JELU-WERK als Hersteller von funktionellen Cellulosen und Holzfaserstoffen f\u00fcr bauchemische Produkte vor. Im Rahmen der Pr\u00e4sentation ging er au\u00dferdem auf die technischen Eigenschaften der <a href=\"https:\/\/www.jelu-werk.com\/de\/technische-industrie\/produkte\/funktionelle-cellulose\/\">JELUCEL\u00ae<\/a> Cellulosen und <a href=\"https:\/\/www.jelu-werk.com\/de\/technische-industrie\/produkte\/funktionelle-holzfaserstoffe\/\">JELUXYL\u00ae<\/a> Holzfaserstoffe und deren Vorteile f\u00fcr die Bauchemie ein. CFI World k\u00fcndigte an, dass es noch in diesem Jahr ein eigenes Entwicklungs- und Forschungslabor f\u00fcr den Bereich Bauchemie errichten wird. <\/p>\n<p><div class=\"wp-caption alignnone\" style=\"width: 475px\"><img loading=\"lazy\" decoding=\"async\" src=\"https:\/\/www.jelu-werk.com\/wp-content\/uploads\/2019\/03\/Gruppenbild-CFI-World.jpg\" alt=\"Jens Schienke mit anderen Teilnehmern der Kundenveranstaltung bei CFI World\" width=\"450\" height=\"253\" class=\"aligncenter size-full wp-image-1380838\" srcset=\"https:\/\/www.jelu-werk.com\/wp-content\/uploads\/2019\/03\/Gruppenbild-CFI-World.jpg 450w, https:\/\/www.jelu-werk.com\/wp-content\/uploads\/2019\/03\/Gruppenbild-CFI-World-275x155.jpg 275w\" sizes=\"auto, (max-width: 450px) 100vw, 450px\" \/><p><span class=\"photo-credit\">Foto: \u00a9 JELU-WERK \u2013 www.jelu-werk.com<\/span><\/p><\/div><br \/>\n&nbsp;<\/p>\n<p><div class=\"wp-caption alignnone\" style=\"width: 475px\"><img loading=\"lazy\" decoding=\"async\" src=\"https:\/\/www.jelu-werk.com\/wp-content\/uploads\/2019\/03\/Vortrag-JELU-bei-CFI-World.jpg\" alt=\"Vertriebsleiter Jens Schienke stellt das JELU-WERK vor\" width=\"450\" height=\"278\" class=\"aligncenter size-full wp-image-1388929\" srcset=\"https:\/\/www.jelu-werk.com\/wp-content\/uploads\/2019\/03\/Vortrag-JELU-bei-CFI-World.jpg 450w, https:\/\/www.jelu-werk.com\/wp-content\/uploads\/2019\/03\/Vortrag-JELU-bei-CFI-World-275x170.jpg 275w\" sizes=\"auto, (max-width: 450px) 100vw, 450px\" \/><p><span class=\"photo-credit\">Foto: \u00a9 JELU-WERK \u2013 www.jelu-werk.com<\/span><\/p><\/div><br \/>\n&nbsp;<\/p>\n<p><div class=\"wp-caption alignnone\" style=\"width: 475px\"><img loading=\"lazy\" decoding=\"async\" src=\"https:\/\/www.jelu-werk.com\/wp-content\/uploads\/2019\/03\/Vertriebsleiter-Jens-Schienke-bei-CFI-World.jpg\" alt=\"Jens Schienke bei der Kundenveranstaltung von CFI World\" width=\"450\" height=\"621\" class=\"aligncenter size-full wp-image-1389005\" srcset=\"https:\/\/www.jelu-werk.com\/wp-content\/uploads\/2019\/03\/Vertriebsleiter-Jens-Schienke-bei-CFI-World.jpg 450w, https:\/\/www.jelu-werk.com\/wp-content\/uploads\/2019\/03\/Vertriebsleiter-Jens-Schienke-bei-CFI-World-275x380.jpg 275w\" sizes=\"auto, (max-width: 450px) 100vw, 450px\" \/><p><span class=\"photo-credit\">Foto: \u00a9 JELU-WERK \u2013 www.jelu-werk.com<\/span><\/p><\/div><br \/>\n&nbsp;<\/p>\n","protected":false},"excerpt":{"rendered":"<p>Vom 20. bis 21. Februar 2019 fand bei unserem polnischer Partner <a href=\"http:\/\/cfiworld.pl\/en\/\" rel=\"noopener noreferrer\" target=\"_blank\">CFI World<\/a> eine Kundenveranstaltung zum Thema Bauchemie statt. Der Vertriebsleiter des JELU-WERKs, Jens Schienke, stellte den Teilnehmern das Unternehmen JELU-WERK als Hersteller von funktionellen Cellulosen und Holzfaserstoffen f\u00fcr bauchemische Produkte vor. <\/p>\n","protected":false},"author":4,"featured_media":0,"comment_status":"closed","ping_status":"closed","sticky":false,"template":"","format":"standard","meta":{"_acf_changed":false,"footnotes":""},"categories":[30,3],"tags":[271,305],"class_list":["post-1356360","post","type-post","status-publish","format-standard","hentry","category-technische-industrie","category-unternehmen","tag-cellulose","tag-holzfaserstoffe"],"acf":[],"_links":{"self":[{"href":"https:\/\/www.jelu-werk.com\/de\/wp-json\/wp\/v2\/posts\/1356360","targetHints":{"allow":["GET"]}}],"collection":[{"href":"https:\/\/www.jelu-werk.com\/de\/wp-json\/wp\/v2\/posts"}],"about":[{"href":"https:\/\/www.jelu-werk.com\/de\/wp-json\/wp\/v2\/types\/post"}],"author":[{"embeddable":true,"href":"https:\/\/www.jelu-werk.com\/de\/wp-json\/wp\/v2\/users\/4"}],"replies":[{"embeddable":true,"href":"https:\/\/www.jelu-werk.com\/de\/wp-json\/wp\/v2\/comments?post=1356360"}],"version-history":[{"count":14,"href":"https:\/\/www.jelu-werk.com\/de\/wp-json\/wp\/v2\/posts\/1356360\/revisions"}],"predecessor-version":[{"id":1547967,"href":"https:\/\/www.jelu-werk.com\/de\/wp-json\/wp\/v2\/posts\/1356360\/revisions\/1547967"}],"wp:attachment":[{"href":"https:\/\/www.jelu-werk.com\/de\/wp-json\/wp\/v2\/media?parent=1356360"}],"wp:term":[{"taxonomy":"category","embeddable":true,"href":"https:\/\/www.jelu-werk.com\/de\/wp-json\/wp\/v2\/categories?post=1356360"},{"taxonomy":"post_tag","embeddable":true,"href":"https:\/\/www.jelu-werk.com\/de\/wp-json\/wp\/v2\/tags?post=1356360"}],"curies":[{"name":"wp","href":"https:\/\/api.w.org\/{rel}","templated":true}]}}